{"id":6617,"date":"2025-05-07T21:10:42","date_gmt":"2025-05-07T21:10:42","guid":{"rendered":"https:\/\/www.miamibeb.com\/?p=6617"},"modified":"2025-05-07T21:10:42","modified_gmt":"2025-05-07T21:10:42","slug":"palio-dei-micci-erleben-querceta","status":"publish","type":"post","link":"https:\/\/www.miamibeb.com\/de\/palio-dei-micci-erleben-querceta\/","title":{"rendered":"Palio dei Micci erleben"},"content":{"rendered":"<h1 data-start=\"146\" data-end=\"296\"><span class=\"relative -mx-px my-[-0.2rem] rounded px-px py-[0.2rem] transition-colors duration-100 ease-in-out\">Palio dei Micci erleben<\/span><\/h1>\n<p class=\"\" data-start=\"146\" data-end=\"296\"><span class=\"relative -mx-px my-[-0.2rem] rounded px-px py-[0.2rem] transition-colors duration-100 ease-in-out\"> in <strong data-start=\"3\" data-end=\"15\">Querceta<\/strong>, einem Ortsteil der Gemeinde <strong data-start=\"45\" data-end=\"58\">Seravezza<\/strong>, gelegen am Fu\u00dfe der Apuanischen Alpen, findet jedes Jahr ein besonderes Ereignis statt: der <strong data-start=\"152\" data-end=\"171\">Palio dei Micci<\/strong>.<\/span> <span class=\"relative -mx-px my-[-0.2rem] rounded px-px py-[0.2rem] transition-colors duration-100 ease-in-out\">Diese folkloristische Veranstaltung ist in der gesamten Toskana f\u00fcr ihren kulturellen Wert bekannt, da sie traditionelle Br\u00e4uche bewahrt und die Gesellschaften vom Mittelalter bis zur Renaissance wieder aufleben l\u00e4sst.<\/span> <span class=\"relative -mx-px my-[-0.2rem] rounded px-px py-[0.2rem] transition-colors duration-100 ease-in-out\">Im lokalen Dialekt von Versilia bedeutet \"Micci\" <strong data-start=\"49\" data-end=\"57\">Esel<\/strong>.<\/span><\/p>\n<h2 data-start=\"146\" data-end=\"296\">Palio dei Micci erleben<\/h2>\n<p class=\"\" data-start=\"298\" data-end=\"416\"><span class=\"relative -mx-px my-[-0.2rem] rounded px-px py-[0.2rem] transition-colors duration-100 ease-in-out\">Am <strong data-start=\"3\" data-end=\"18\">4. Mai 2025<\/strong> hatte ich die Gelegenheit, der <strong data-start=\"50\" data-end=\"65\">68. Ausgabe<\/strong> des Palio dei Micci beizuwohnen.<\/span> <span class=\"relative -mx-px my-[-0.2rem] rounded px-px py-[0.2rem] transition-colors duration-100 ease-in-out\">Die Veranstaltung findet in der Regel jedes Jahr am ersten Sonntag im Mai im <strong data-start=\"77\" data-end=\"103\">Stadio del Buon Riposo<\/strong> in Pozzi \u2013 Querceta statt<\/span><\/p>\n<p class=\"\" data-start=\"298\" data-end=\"416\"><span class=\"relative -mx-px my-[-0.2rem] rounded px-px py-[0.2rem] transition-colors duration-100 ease-in-out\">Nach dem Kauf eines Tickets f\u00fcr <strong data-start=\"32\" data-end=\"40\">15\u202f\u20ac<\/strong> betrat ich das Stadion.<\/span> <span class=\"relative -mx-px my-[-0.2rem] rounded px-px py-[0.2rem] transition-colors duration-100 ease-in-out\">Das Ticket berechtigte zum Eintritt und zur Teilnahme an der Parade, jedoch ohne Sitzplatzgarantie \u2013 man konnte sich lediglich auf dem Gras rund um das Spielfeld niederlassen.<\/span> <span class=\"relative -mx-px my-[-0.2rem] rounded px-px py-[0.2rem] transition-colors duration-100 ease-in-out\">Die Sicht von den Trib\u00fcnen war sicherlich besser, aber leider waren alle Pl\u00e4tze bereits besetzt!<\/span><\/p>\n<h3 data-start=\"298\" data-end=\"416\">Palio dei Micci erleben<\/h3>\n<p class=\"\" data-start=\"578\" data-end=\"736\"><span class=\"relative -mx-px my-[-0.2rem] rounded px-px py-[0.2rem] transition-colors duration-100 ease-in-out\">Der Palio beginnt mit der Ank\u00fcndigung jeder der <strong data-start=\"48\" data-end=\"65\">acht Contrade<\/strong> durch den Sprecher.<\/span> <span class=\"relative -mx-px my-[-0.2rem] rounded px-px py-[0.2rem] transition-colors duration-100 ease-in-out\">Diese Stadtteile treten gegeneinander an, um die begehrte Troph\u00e4e zu gewinnen.<\/span> <span class=\"relative -mx-px my-[-0.2rem] rounded px-px py-[0.2rem] transition-colors duration-100 ease-in-out\">Jede Contrada repr\u00e4sentiert bestimmte Gebiete der Gemeinden <strong data-start=\"60\" data-end=\"79\">Forte dei Marmi<\/strong>, <a href=\"https:\/\/www.visittuscany.com\/de\/staedte-und-ortschaften\/pietrasanta\/\" target=\"_blank\" rel=\"noopener\"><strong data-start=\"81\" data-end=\"96\">Pietrasanta<\/strong><\/a> und <strong data-start=\"101\" data-end=\"114\">Seravezza<\/strong>.<\/span><\/p>\n<p class=\"\" data-start=\"738\" data-end=\"936\"><span class=\"relative -mx-px my-[-0.2rem] rounded px-px py-[0.2rem] transition-colors duration-100 ease-in-out\">Die Kost\u00fcme der Teilnehmer sind in zwei Hauptfarben gehalten, erg\u00e4nzt durch eine dritte Farbe.<\/span> <span class=\"relative -mx-px my-[-0.2rem] rounded px-px py-[0.2rem] transition-colors duration-100 ease-in-out\">Diese Farben sind nicht nur in den Kleidern, sondern auch in den Fahnen und Wappen der Contrade pr\u00e4sent.<\/span> <span class=\"relative -mx-px my-[-0.2rem] rounded px-px py-[0.2rem] transition-colors duration-100 ease-in-out\">Nach der Ank\u00fcndigung durch den Sprecher marschieren die Teilnehmer in ihren pr\u00e4chtigen historischen Gew\u00e4ndern ein.<\/span> <span class=\"relative -mx-px my-[-0.2rem] rounded px-px py-[0.2rem] transition-colors duration-100 ease-in-out\">Neben Trommlern und Trompetern gibt es K\u00f6nige und K\u00f6niginnen der Contrade sowie weitere Figuren, die die damalige Gesellschaft repr\u00e4sentieren.<\/span><\/p>\n<h4 data-start=\"738\" data-end=\"936\">Palio dei Micci erleben<\/h4>\n<p><span class=\"relative -mx-px my-[-0.2rem] rounded px-px py-[0.2rem] transition-colors duration-100 ease-in-out\">Besonders beeindruckt hat mich die Vielfalt und Sch\u00f6nheit der Kost\u00fcme \u2013 so detailreich und farbenfroh!<\/span> <span class=\"relative -mx-px my-[-0.2rem] rounded px-px py-[0.2rem] transition-colors duration-100 ease-in-out\">Jeder Teilnehmer verk\u00f6rpert eine Figur aus der damaligen Gesellschaft: K\u00f6nige, K\u00f6niginnen, Gaukler, Witwen, H\u00e4ndler, Kinder, Neugeborene, Fahnenschwenker, Trompeter und Trommler.<\/span> <span class=\"relative -mx-px my-[-0.2rem] rounded px-px py-[0.2rem] transition-colors duration-100 ease-in-out\">Die Trommler f\u00fchrten synchronisierte Bewegungen aus, fast wie ein Tanz im Rhythmus ihrer Trommeln.<\/span><\/p>\n<p class=\"\" data-start=\"938\" data-end=\"1096\"><span class=\"relative -mx-px my-[-0.2rem] rounded px-px py-[0.2rem] transition-colors duration-100 ease-in-out\">Besonders beeindruckt hat mich die Vielfalt und Sch\u00f6nheit der Kost\u00fcme \u2013 so detailreich und farbenfroh!<\/span><\/p>\n<p class=\"\" data-start=\"938\" data-end=\"1096\"><span class=\"relative -mx-px my-[-0.2rem] rounded px-px py-[0.2rem] transition-colors duration-100 ease-in-out\">Jeder Teilnehmer verk\u00f6rpert eine Figur aus der damaligen Gesellschaft: K\u00f6nige, K\u00f6niginnen, Gaukler, Witwen, H\u00e4ndler, Kinder, Neugeborene, Fahnenschwenker, Trompeter und Trommler.<\/span> <span class=\"relative -mx-px my-[-0.2rem] rounded px-px py-[0.2rem] transition-colors duration-100 ease-in-out\">Die Trommler f\u00fchrten synchronisierte Bewegungen aus, fast wie ein Tanz im Rhythmus ihrer Trommeln.<\/span><\/p>\n<h5 data-start=\"1098\" data-end=\"1256\"><span class=\"relative -mx-px my-[-0.2rem] rounded px-px py-[0.2rem] transition-colors duration-100 ease-in-out\">Und dann \u2013 die Micci!<\/span><\/h5>\n<p class=\"\" data-start=\"1098\" data-end=\"1256\"><span class=\"relative -mx-px my-[-0.2rem] rounded px-px py-[0.2rem] transition-colors duration-100 ease-in-out\">Kurz vor dem Betreten des Stadions sah ich auf der rechten Seite eine Reihe von Eseln, mindestens acht, entsprechend der Anzahl der Contrade.<\/span> <span class=\"relative -mx-px my-[-0.2rem] rounded px-px py-[0.2rem] transition-colors duration-100 ease-in-out\">Diese Esel werden von ausgew\u00e4hlten Reitern geritten und nehmen am Rennen teil, das normalerweise am Abend nach den Paraden stattfindet.<\/span><\/p>\n<p class=\"\" data-start=\"1258\" data-end=\"1376\"><span class=\"relative -mx-px my-[-0.2rem] rounded px-px py-[0.2rem] transition-colors duration-100 ease-in-out\">Jede Contrada wird nach verschiedenen Kriterien bewertet: die Sch\u00f6nheit der Kost\u00fcme, die Darstellung der Figuren, die Choreografie und nat\u00fcrlich das Eselrennen selbst.<\/span> <span class=\"relative -mx-px my-[-0.2rem] rounded px-px py-[0.2rem] transition-colors duration-100 ease-in-out\">Die siegreiche Contrada erh\u00e4lt den \"Palio\", ein Banner, das die Heilige Familie auf der Flucht nach \u00c4gypten darstellt.<\/span><\/p>\n<p class=\"\" data-start=\"1378\" data-end=\"1536\"><span class=\"relative -mx-px my-[-0.2rem] rounded px-px py-[0.2rem] transition-colors duration-100 ease-in-out\">Der <strong data-start=\"4\" data-end=\"23\">Palio dei Micci<\/strong>, der 1956 ins Leben gerufen wurde, ist heute ein fester Bestandteil der versilianischen Tradition.<\/span> <span class=\"relative -mx-px my-[-0.2rem] rounded px-px py-[0.2rem] transition-colors duration-100 ease-in-out\">Ich empfehle jedem, der historische Nachstellungen liebt und die toskanische Leidenschaft erleben m\u00f6chte, dieses Ereignis zu besuchen.<\/span><\/p>\n<p class=\"\" data-start=\"1378\" data-end=\"1536\"><span class=\"relative -mx-px my-[-0.2rem] rounded px-px py-[0.2rem] transition-colors duration-100 ease-in-out\">Es ist faszinierend zu sehen, wie eine ganze Gemeinschaft ein solch bedeutendes Ereignis auf die Beine stellt.<\/span><\/p>\n<div id='gallery-1' class='gallery galleryid-6617 gallery-columns-2 gallery-size-large'><figure class='gallery-item'>\n\t\t\t<div class='gallery-icon landscape'>\n\t\t\t\t<a href=\"https:\/\/www.miamibeb.com\/de\/palio-dei-micci-erleben-querceta\/20250504_163919-2\/\"><img loading=\"lazy\" decoding=\"async\" width=\"1024\" height=\"768\" src=\"https:\/\/www.miamibeb.com\/wp-content\/uploads\/2025\/05\/20250504_163919-1024x768.jpg\" class=\"attachment-large size-large\" alt=\"\" srcset=\"https:\/\/www.miamibeb.com\/wp-content\/uploads\/2025\/05\/20250504_163919-1024x768.jpg 1024w, https:\/\/www.miamibeb.com\/wp-content\/uploads\/2025\/05\/20250504_163919-300x225.jpg 300w, https:\/\/www.miamibeb.com\/wp-content\/uploads\/2025\/05\/20250504_163919-768x576.jpg 768w, https:\/\/www.miamibeb.com\/wp-content\/uploads\/2025\/05\/20250504_163919-1536x1152.jpg 1536w, https:\/\/www.miamibeb.com\/wp-content\/uploads\/2025\/05\/20250504_163919-2048x1536.jpg 2048w, https:\/\/www.miamibeb.com\/wp-content\/uploads\/2025\/05\/20250504_163919-155x116.jpg 155w\" sizes=\"auto, (max-width: 1024px) 100vw, 1024px\" \/><\/a>\n\t\t\t<\/div><\/figure><figure class='gallery-item'>\n\t\t\t<div class='gallery-icon landscape'>\n\t\t\t\t<a href=\"https:\/\/www.miamibeb.com\/de\/palio-dei-micci-erleben-querceta\/20250504_163725-2\/\"><img loading=\"lazy\" decoding=\"async\" width=\"1024\" height=\"768\" src=\"https:\/\/www.miamibeb.com\/wp-content\/uploads\/2025\/05\/20250504_163725-1024x768.jpg\" class=\"attachment-large size-large\" alt=\"\" srcset=\"https:\/\/www.miamibeb.com\/wp-content\/uploads\/2025\/05\/20250504_163725-1024x768.jpg 1024w, https:\/\/www.miamibeb.com\/wp-content\/uploads\/2025\/05\/20250504_163725-300x225.jpg 300w, https:\/\/www.miamibeb.com\/wp-content\/uploads\/2025\/05\/20250504_163725-768x576.jpg 768w, https:\/\/www.miamibeb.com\/wp-content\/uploads\/2025\/05\/20250504_163725-1536x1152.jpg 1536w, https:\/\/www.miamibeb.com\/wp-content\/uploads\/2025\/05\/20250504_163725-2048x1536.jpg 2048w, https:\/\/www.miamibeb.com\/wp-content\/uploads\/2025\/05\/20250504_163725-155x116.jpg 155w\" sizes=\"auto, (max-width: 1024px) 100vw, 1024px\" \/><\/a>\n\t\t\t<\/div><\/figure><figure class='gallery-item'>\n\t\t\t<div class='gallery-icon portrait'>\n\t\t\t\t<a href=\"https:\/\/www.miamibeb.com\/de\/palio-dei-micci-erleben-querceta\/20250504_163846-2-2\/\"><img loading=\"lazy\" decoding=\"async\" width=\"768\" height=\"1024\" src=\"https:\/\/www.miamibeb.com\/wp-content\/uploads\/2025\/05\/20250504_163846-1-768x1024.jpg\" class=\"attachment-large size-large\" alt=\"\" srcset=\"https:\/\/www.miamibeb.com\/wp-content\/uploads\/2025\/05\/20250504_163846-1-768x1024.jpg 768w, https:\/\/www.miamibeb.com\/wp-content\/uploads\/2025\/05\/20250504_163846-1-225x300.jpg 225w, https:\/\/www.miamibeb.com\/wp-content\/uploads\/2025\/05\/20250504_163846-1-1152x1536.jpg 1152w, https:\/\/www.miamibeb.com\/wp-content\/uploads\/2025\/05\/20250504_163846-1-1536x2048.jpg 1536w, https:\/\/www.miamibeb.com\/wp-content\/uploads\/2025\/05\/20250504_163846-1-87x116.jpg 87w, https:\/\/www.miamibeb.com\/wp-content\/uploads\/2025\/05\/20250504_163846-1-scaled.jpg 1920w\" sizes=\"auto, (max-width: 768px) 100vw, 768px\" \/><\/a>\n\t\t\t<\/div><\/figure><figure class='gallery-item'>\n\t\t\t<div class='gallery-icon portrait'>\n\t\t\t\t<a href=\"https:\/\/www.miamibeb.com\/de\/palio-dei-micci-erleben-querceta\/20250504_162442-2\/\"><img loading=\"lazy\" decoding=\"async\" width=\"768\" height=\"1024\" src=\"https:\/\/www.miamibeb.com\/wp-content\/uploads\/2025\/05\/20250504_162442-768x1024.jpg\" class=\"attachment-large size-large\" alt=\"\" srcset=\"https:\/\/www.miamibeb.com\/wp-content\/uploads\/2025\/05\/20250504_162442-768x1024.jpg 768w, https:\/\/www.miamibeb.com\/wp-content\/uploads\/2025\/05\/20250504_162442-225x300.jpg 225w, https:\/\/www.miamibeb.com\/wp-content\/uploads\/2025\/05\/20250504_162442-1152x1536.jpg 1152w, https:\/\/www.miamibeb.com\/wp-content\/uploads\/2025\/05\/20250504_162442-1536x2048.jpg 1536w, https:\/\/www.miamibeb.com\/wp-content\/uploads\/2025\/05\/20250504_162442-87x116.jpg 87w, https:\/\/www.miamibeb.com\/wp-content\/uploads\/2025\/05\/20250504_162442-scaled.jpg 1920w\" sizes=\"auto, (max-width: 768px) 100vw, 768px\" \/><\/a>\n\t\t\t<\/div><\/figure>\n\t\t<\/div>\n\n<p data-start=\"1378\" data-end=\"1536\"><a href=\"https:\/\/www.prolocoquerceta.it\/palio-dei-micci-it.php\" target=\"_blank\" rel=\"noopener\">Palio dei Micci<\/a><\/p>\n<p data-start=\"1378\" data-end=\"1536\"><a href=\"https:\/\/www.miamibeb.com\/de\/kontact\/\">Kontakt\u00a0<\/a><\/p>\n","protected":false},"excerpt":{"rendered":"<p>Palio dei Micci erleben in Querceta, einem Ortsteil der Gemeinde Seravezza, gelegen am Fu\u00dfe der Apuanischen Alpen, findet jedes Jahr &hellip; <a href=\"https:\/\/www.miamibeb.com\/de\/palio-dei-micci-erleben-querceta\/\" class=\"more-link\">Continue reading <span class=\"screen-reader-text\">Palio dei Micci erleben<\/span><\/a><\/p>\n","protected":false},"author":1,"featured_media":6588,"comment_status":"open","ping_status":"open","sticky":false,"template":"","format":"standard","meta":{"footnotes":""},"categories":[141],"tags":[1450,143,1451,1452],"class_list":["post-6617","post","type-post","status-publish","format-standard","has-post-thumbnail","hentry","category-pietrasanta-veranstaltungen","tag-palio-dei-micci-erleben","tag-pietrasanta-veranstaltungen","tag-querceta-pailio","tag-veranstaltugen"],"_links":{"self":[{"href":"https:\/\/www.miamibeb.com\/de\/wp-json\/wp\/v2\/posts\/6617","targetHints":{"allow":["GET"]}}],"collection":[{"href":"https:\/\/www.miamibeb.com\/de\/wp-json\/wp\/v2\/posts"}],"about":[{"href":"https:\/\/www.miamibeb.com\/de\/wp-json\/wp\/v2\/types\/post"}],"author":[{"embeddable":true,"href":"https:\/\/www.miamibeb.com\/de\/wp-json\/wp\/v2\/users\/1"}],"replies":[{"embeddable":true,"href":"https:\/\/www.miamibeb.com\/de\/wp-json\/wp\/v2\/comments?post=6617"}],"version-history":[{"count":1,"href":"https:\/\/www.miamibeb.com\/de\/wp-json\/wp\/v2\/posts\/6617\/revisions"}],"predecessor-version":[{"id":6625,"href":"https:\/\/www.miamibeb.com\/de\/wp-json\/wp\/v2\/posts\/6617\/revisions\/6625"}],"wp:featuredmedia":[{"embeddable":true,"href":"https:\/\/www.miamibeb.com\/de\/wp-json\/wp\/v2\/media\/6588"}],"wp:attachment":[{"href":"https:\/\/www.miamibeb.com\/de\/wp-json\/wp\/v2\/media?parent=6617"}],"wp:term":[{"taxonomy":"category","embeddable":true,"href":"https:\/\/www.miamibeb.com\/de\/wp-json\/wp\/v2\/categories?post=6617"},{"taxonomy":"post_tag","embeddable":true,"href":"https:\/\/www.miamibeb.com\/de\/wp-json\/wp\/v2\/tags?post=6617"}],"curies":[{"name":"wp","href":"https:\/\/api.w.org\/{rel}","templated":true}]}}