{"id":5433,"date":"2022-07-31T18:40:39","date_gmt":"2022-07-31T18:40:39","guid":{"rendered":"https:\/\/www.miamibeb.com\/?p=5433"},"modified":"2022-07-31T18:40:40","modified_gmt":"2022-07-31T18:40:40","slug":"straben-der-erinnerung-von-jeder-unserer-stimmen","status":"publish","type":"post","link":"https:\/\/www.miamibeb.com\/de\/straben-der-erinnerung-von-jeder-unserer-stimmen\/","title":{"rendered":"Straben der Erinnerung - Von jeder unserer Stimmen"},"content":{"rendered":"\n<p class=\"wp-block-paragraph\">Jedes Jahr, am ersten Sonntag im August, wird die Veranstaltung jeder unserer Stimmen organisiert<\/p>\n\n\n\n<p class=\"wp-block-paragraph\">organisiert vom Verein Sant'Anna in der Kirche der Stadt Sant'Anna.<\/p>\n\n\n\n<p class=\"wp-block-paragraph\">Es ist eine sehr ber\u00fchrende Veranstaltung, in deren Namen Gedichte und Lieder rezitiert werden<\/p>\n\n\n\n<p class=\"wp-block-paragraph\">Opfer des Nazi-Massakers im Zweiten Weltkrieg.<\/p>\n\n\n\n<p class=\"wp-block-paragraph\">Auberdem wird das Museum der Erinnerung besucht.<\/p>\n\n\n\n<p class=\"wp-block-paragraph\">Danach beginnt ein Ausflug in die benachbarten W\u00e4lder, um etwas \u00fcber die Geschichte derer zu erfahren,<\/p>\n\n\n\n<p class=\"wp-block-paragraph\">die in diesen Waldern gelebt haben ums Leben kam, zum Abschluss eine Erfrischung mit typischen <\/p>\n\n\n\n<p class=\"wp-block-paragraph\">Produkten.<\/p>\n\n\n\n<p class=\"wp-block-paragraph\">In diesem Jahr findet die Veranstaltung am Sonntag, den 7. August mit einem ersten Treffen auf dem <\/p>\n\n\n\n<p class=\"wp-block-paragraph\">Stadtplatz statt Sant\u2019Anna um 14.30 Uhr.<\/p>\n\n\n\n<p class=\"wp-block-paragraph\">Die Geb\u00fchr fur den Ausflug betr\u00e4gt 10 Euro f\u00fcr Erwachsene und ist f\u00fcr Kinder bis 11 Jahre kostenlos.<\/p>\n\n\n\n<p class=\"wp-block-paragraph\">Geeignete Kleidung und Schuhe werden empfohlen.<\/p>\n\n\n<p><a href=\"https:\/\/www.seiversilia.it\/eventi\/i-sentieri-della-memoria-d-ogni-vostra-voce\/894\" target=\"_blank\" rel=\"noopener\">Finden Sie heraus, wie Sie buchen konnen<\/a><\/p>\n\n\n<figure class=\"wp-block-gallery has-nested-images columns-default is-cropped wp-block-gallery-1 is-layout-flex wp-block-gallery-is-layout-flex\">\n<figure class=\"wp-block-image\"><img loading=\"lazy\" decoding=\"async\" width=\"1100\" height=\"733\" data-id=\"5407\" src=\"https:\/\/www.miamibeb.com\/wp-content\/uploads\/2022\/07\/nomi.jpg\" alt=\"\" class=\"wp-image-5407\" srcset=\"https:\/\/www.miamibeb.com\/wp-content\/uploads\/2022\/07\/nomi.jpg 1100w, https:\/\/www.miamibeb.com\/wp-content\/uploads\/2022\/07\/nomi-300x200.jpg 300w, https:\/\/www.miamibeb.com\/wp-content\/uploads\/2022\/07\/nomi-1024x682.jpg 1024w, https:\/\/www.miamibeb.com\/wp-content\/uploads\/2022\/07\/nomi-768x512.jpg 768w, https:\/\/www.miamibeb.com\/wp-content\/uploads\/2022\/07\/nomi-174x116.jpg 174w\" sizes=\"auto, (max-width: 1100px) 100vw, 1100px\" \/><\/figure>\n\n\n\n<figure class=\"wp-block-image\"><img loading=\"lazy\" decoding=\"async\" width=\"1920\" height=\"1440\" data-id=\"5410\" src=\"https:\/\/www.miamibeb.com\/wp-content\/uploads\/2022\/07\/enrico-pieri-commendatore-al-merito-della-repubblica-stazzema.jpg\" alt=\"\" class=\"wp-image-5410\" srcset=\"https:\/\/www.miamibeb.com\/wp-content\/uploads\/2022\/07\/enrico-pieri-commendatore-al-merito-della-repubblica-stazzema.jpg 1920w, https:\/\/www.miamibeb.com\/wp-content\/uploads\/2022\/07\/enrico-pieri-commendatore-al-merito-della-repubblica-stazzema-300x225.jpg 300w, https:\/\/www.miamibeb.com\/wp-content\/uploads\/2022\/07\/enrico-pieri-commendatore-al-merito-della-repubblica-stazzema-1024x768.jpg 1024w, https:\/\/www.miamibeb.com\/wp-content\/uploads\/2022\/07\/enrico-pieri-commendatore-al-merito-della-repubblica-stazzema-768x576.jpg 768w, https:\/\/www.miamibeb.com\/wp-content\/uploads\/2022\/07\/enrico-pieri-commendatore-al-merito-della-repubblica-stazzema-1536x1152.jpg 1536w, https:\/\/www.miamibeb.com\/wp-content\/uploads\/2022\/07\/enrico-pieri-commendatore-al-merito-della-repubblica-stazzema-155x116.jpg 155w\" sizes=\"auto, (max-width: 1920px) 100vw, 1920px\" \/><\/figure>\n\n\n\n<figure class=\"wp-block-image\"><img loading=\"lazy\" decoding=\"async\" width=\"660\" height=\"368\" data-id=\"5413\" src=\"https:\/\/www.miamibeb.com\/wp-content\/uploads\/2022\/07\/ossario-sant-anna-di-stazzema-355745.660x368.jpg\" alt=\"\" class=\"wp-image-5413\" srcset=\"https:\/\/www.miamibeb.com\/wp-content\/uploads\/2022\/07\/ossario-sant-anna-di-stazzema-355745.660x368.jpg 660w, https:\/\/www.miamibeb.com\/wp-content\/uploads\/2022\/07\/ossario-sant-anna-di-stazzema-355745.660x368-300x167.jpg 300w, https:\/\/www.miamibeb.com\/wp-content\/uploads\/2022\/07\/ossario-sant-anna-di-stazzema-355745.660x368-208x116.jpg 208w\" sizes=\"auto, (max-width: 660px) 100vw, 660px\" \/><\/figure>\n\n\n\n<figure class=\"wp-block-image\"><img loading=\"lazy\" decoding=\"async\" width=\"1417\" height=\"1063\" data-id=\"5404\" src=\"https:\/\/www.miamibeb.com\/wp-content\/uploads\/2022\/07\/Foto-monumento-Stazzema-29.05.2016-DSCN5066.jpg\" alt=\"\" class=\"wp-image-5404\" srcset=\"https:\/\/www.miamibeb.com\/wp-content\/uploads\/2022\/07\/Foto-monumento-Stazzema-29.05.2016-DSCN5066.jpg 1417w, https:\/\/www.miamibeb.com\/wp-content\/uploads\/2022\/07\/Foto-monumento-Stazzema-29.05.2016-DSCN5066-300x225.jpg 300w, https:\/\/www.miamibeb.com\/wp-content\/uploads\/2022\/07\/Foto-monumento-Stazzema-29.05.2016-DSCN5066-1024x768.jpg 1024w, https:\/\/www.miamibeb.com\/wp-content\/uploads\/2022\/07\/Foto-monumento-Stazzema-29.05.2016-DSCN5066-768x576.jpg 768w, https:\/\/www.miamibeb.com\/wp-content\/uploads\/2022\/07\/Foto-monumento-Stazzema-29.05.2016-DSCN5066-155x116.jpg 155w\" sizes=\"auto, (max-width: 1417px) 100vw, 1417px\" \/><\/figure>\n<\/figure>\n\n\n\n<h2 class=\"wp-block-heading\">Sant\u2019Anna \u2013 Von jeder unserer Stimmen<\/h2>\n\n\n\n<p class=\"wp-block-paragraph\">Sant\u2019Anna di Stazzema wurde Opfer eines groben Kriegsverbrechens.<\/p>\n\n\n\n<p class=\"wp-block-paragraph\">Das Land galt als sicher und wurde von den Deutschen zur weiben Zone erklart, auch die Zufahrtsstraben <\/p>\n\n\n\n<p class=\"wp-block-paragraph\">waren es begrenzt und leicht zu sehen und gleichzeitig gab es sehr versteckte Pfade, die nur von bekannt <\/p>\n\n\n\n<p class=\"wp-block-paragraph\">waren Einheimische.<\/p>\n\n\n\n<p class=\"wp-block-paragraph\">Am 12. August 1944 umzingelten die Nazis Sant\u2019Anna und toteten brutal 560 Menschen, mehr als 100<\/p>\n\n\n\n<p class=\"wp-block-paragraph\">erst in der Dorfkirche zundeten sie schlieblich Feuer.<\/p>\n\n\n\n<p class=\"wp-block-paragraph\">Die Opfer waren allesamt Frauen, Kinder und Alte, denn die M\u00e4nner waren im Wald, um zu kampfen<\/p>\n\n\n\n<p class=\"wp-block-paragraph\">Zusammen mit dem Partisanenwiderstand fanden sie bei ihrer Ruckkehr die Stadt zerstort vor, der Geruch<\/p>\n\n\n\n<p class=\"wp-block-paragraph\">war zu horen weit weg und auch das Leben dieser M\u00e4nner endete an diesem Tag.<\/p>\n\n\n\n<p class=\"wp-block-paragraph\">Manchen ist es an diesem Tag gelungen, dieser H\u00f6lle zu entkommen, viele sind Kinder, die es geschafft <\/p>\n\n\n\n<p class=\"wp-block-paragraph\">haben Verstecken Sie sich irgendwo im Haus und widerstehen Sie den Flammen, leider werden diese <\/p>\n\n\n\n<p class=\"wp-block-paragraph\">diejenigen  sein in den letzten Jahren, um diesen unglaublichen Zeugnissen zu lauschen, die wissen, wie <\/p>\n\n\n\n<p class=\"wp-block-paragraph\">sie alle Herzen beruhren konnen.<\/p>\n\n\n\n<p class=\"wp-block-paragraph\">Im Laufe der Zeit wurde entdeckt, dass die Deutschen mit Hilfe von in Sant'Anna ankamen<\/p>\n\n\n\n<p class=\"wp-block-paragraph\">faschistische Einheimische, die sie von wenig bekannten Pfaden f\u00fchrten.<\/p>\n\n\n\n<p class=\"wp-block-paragraph\">Sant\u2019Anna ist der Friedensnationalpark und es wurde eine imposante Statue aufgestellt, die alle <\/p>\n\n\n\n<p class=\"wp-block-paragraph\">eingraviert zeigt die Namen der Gefallenen an diesem tragischen Tag im August.<\/p>\n\n\n\n<p class=\"wp-block-paragraph\">Veranstaltungen wie \u201eAll unserer Stimmen\u201c tragen dazu bei, die Geschichte dieses schonen Landes <\/p>\n\n\n\n<p class=\"wp-block-paragraph\">weiterzugeben und weiterzugeben von den schrecklichen Dingen, die passiert sind.<\/p>\n\n\n\n<figure class=\"wp-block-gallery has-nested-images columns-default is-cropped wp-block-gallery-2 is-layout-flex wp-block-gallery-is-layout-flex\">\n<figure class=\"wp-block-image\"><img loading=\"lazy\" decoding=\"async\" width=\"638\" height=\"382\" data-id=\"5416\" src=\"https:\/\/www.miamibeb.com\/wp-content\/uploads\/2022\/07\/stragestazzema.jpg\" alt=\"\" class=\"wp-image-5416\" srcset=\"https:\/\/www.miamibeb.com\/wp-content\/uploads\/2022\/07\/stragestazzema.jpg 638w, https:\/\/www.miamibeb.com\/wp-content\/uploads\/2022\/07\/stragestazzema-300x180.jpg 300w, https:\/\/www.miamibeb.com\/wp-content\/uploads\/2022\/07\/stragestazzema-194x116.jpg 194w\" sizes=\"auto, (max-width: 638px) 100vw, 638px\" \/><\/figure>\n\n\n\n<figure class=\"wp-block-image\"><img loading=\"lazy\" decoding=\"async\" width=\"300\" height=\"159\" data-id=\"5419\" src=\"https:\/\/www.miamibeb.com\/wp-content\/uploads\/2022\/07\/Stazzema-300x159-1.jpg\" alt=\"\" class=\"wp-image-5419\" srcset=\"https:\/\/www.miamibeb.com\/wp-content\/uploads\/2022\/07\/Stazzema-300x159-1.jpg 300w, https:\/\/www.miamibeb.com\/wp-content\/uploads\/2022\/07\/Stazzema-300x159-1-219x116.jpg 219w\" sizes=\"auto, (max-width: 300px) 100vw, 300px\" \/><\/figure>\n\n\n\n<figure class=\"wp-block-image\"><img loading=\"lazy\" decoding=\"async\" width=\"630\" height=\"315\" data-id=\"5425\" src=\"https:\/\/www.miamibeb.com\/wp-content\/uploads\/2022\/07\/002727061-feb710b0-943a-42e1-bf00-124a8d6f1993.jpeg\" alt=\"\" class=\"wp-image-5425\" srcset=\"https:\/\/www.miamibeb.com\/wp-content\/uploads\/2022\/07\/002727061-feb710b0-943a-42e1-bf00-124a8d6f1993.jpeg 630w, https:\/\/www.miamibeb.com\/wp-content\/uploads\/2022\/07\/002727061-feb710b0-943a-42e1-bf00-124a8d6f1993-300x150.jpeg 300w, https:\/\/www.miamibeb.com\/wp-content\/uploads\/2022\/07\/002727061-feb710b0-943a-42e1-bf00-124a8d6f1993-228x114.jpeg 228w\" sizes=\"auto, (max-width: 630px) 100vw, 630px\" \/><\/figure>\n\n\n\n<figure class=\"wp-block-image\"><img loading=\"lazy\" decoding=\"async\" width=\"1245\" height=\"954\" data-id=\"5422\" src=\"https:\/\/www.miamibeb.com\/wp-content\/uploads\/2022\/07\/santanna-di-stazzema-la-chiesa-e-il-monumentino-ai-martiri-2.jpg\" alt=\"\" class=\"wp-image-5422\" srcset=\"https:\/\/www.miamibeb.com\/wp-content\/uploads\/2022\/07\/santanna-di-stazzema-la-chiesa-e-il-monumentino-ai-martiri-2.jpg 1245w, https:\/\/www.miamibeb.com\/wp-content\/uploads\/2022\/07\/santanna-di-stazzema-la-chiesa-e-il-monumentino-ai-martiri-2-300x230.jpg 300w, https:\/\/www.miamibeb.com\/wp-content\/uploads\/2022\/07\/santanna-di-stazzema-la-chiesa-e-il-monumentino-ai-martiri-2-1024x785.jpg 1024w, https:\/\/www.miamibeb.com\/wp-content\/uploads\/2022\/07\/santanna-di-stazzema-la-chiesa-e-il-monumentino-ai-martiri-2-768x588.jpg 768w, https:\/\/www.miamibeb.com\/wp-content\/uploads\/2022\/07\/santanna-di-stazzema-la-chiesa-e-il-monumentino-ai-martiri-2-151x116.jpg 151w\" sizes=\"auto, (max-width: 1245px) 100vw, 1245px\" \/><\/figure>\n<\/figure>\n","protected":false},"excerpt":{"rendered":"<p>Jedes Jahr, am ersten Sonntag im August, wird die Veranstaltung jeder unserer Stimmen organisiert organisiert vom Verein Sant'Anna in der &hellip; <a href=\"https:\/\/www.miamibeb.com\/de\/straben-der-erinnerung-von-jeder-unserer-stimmen\/\" class=\"more-link\">Continue reading <span class=\"screen-reader-text\">Straben der Erinnerung - Von jeder unserer Stimmen<\/span><\/a><\/p>\n","protected":false},"author":1,"featured_media":5428,"comment_status":"open","ping_status":"open","sticky":false,"template":"","format":"standard","meta":{"footnotes":""},"categories":[25],"tags":[80,327,996,328,281,195,1224,316],"class_list":["post-5433","post","type-post","status-publish","format-standard","has-post-thumbnail","hentry","category-bb-miami-beach-en","tag-bb-miami-beach","tag-bb-miami-beach-pietrasanta-en","tag-bb-miami-beach-pietrsanta-2","tag-bb-pietrasanta-en","tag-bb-pietrasanta-double-room","tag-bbmiami-beach","tag-stroia","tag-versilia-events"],"_links":{"self":[{"href":"https:\/\/www.miamibeb.com\/de\/wp-json\/wp\/v2\/posts\/5433","targetHints":{"allow":["GET"]}}],"collection":[{"href":"https:\/\/www.miamibeb.com\/de\/wp-json\/wp\/v2\/posts"}],"about":[{"href":"https:\/\/www.miamibeb.com\/de\/wp-json\/wp\/v2\/types\/post"}],"author":[{"embeddable":true,"href":"https:\/\/www.miamibeb.com\/de\/wp-json\/wp\/v2\/users\/1"}],"replies":[{"embeddable":true,"href":"https:\/\/www.miamibeb.com\/de\/wp-json\/wp\/v2\/comments?post=5433"}],"version-history":[{"count":1,"href":"https:\/\/www.miamibeb.com\/de\/wp-json\/wp\/v2\/posts\/5433\/revisions"}],"predecessor-version":[{"id":5434,"href":"https:\/\/www.miamibeb.com\/de\/wp-json\/wp\/v2\/posts\/5433\/revisions\/5434"}],"wp:featuredmedia":[{"embeddable":true,"href":"https:\/\/www.miamibeb.com\/de\/wp-json\/wp\/v2\/media\/5428"}],"wp:attachment":[{"href":"https:\/\/www.miamibeb.com\/de\/wp-json\/wp\/v2\/media?parent=5433"}],"wp:term":[{"taxonomy":"category","embeddable":true,"href":"https:\/\/www.miamibeb.com\/de\/wp-json\/wp\/v2\/categories?post=5433"},{"taxonomy":"post_tag","embeddable":true,"href":"https:\/\/www.miamibeb.com\/de\/wp-json\/wp\/v2\/tags?post=5433"}],"curies":[{"name":"wp","href":"https:\/\/api.w.org\/{rel}","templated":true}]}}