{"id":3882,"date":"2021-07-06T17:38:15","date_gmt":"2021-07-06T17:38:15","guid":{"rendered":"https:\/\/www.miamibeb.com\/?p=3882"},"modified":"2021-07-06T17:38:16","modified_gmt":"2021-07-06T17:38:16","slug":"musik-und-worte","status":"publish","type":"post","link":"https:\/\/www.miamibeb.com\/de\/musik-und-worte\/","title":{"rendered":"Musik und Worte"},"content":{"rendered":"\n<p class=\"wp-block-paragraph\">Musik und Worte ist eine Show wo Die Musik mit Talkshows verbindet<\/p>\n\n\n\n<p class=\"wp-block-paragraph\">Die Show ist in drei Abende unterteilt :11.Juli 2021, 6.August 2021 und<\/p>\n\n\n\n<p class=\"wp-block-paragraph\">29.August im Theater Versiliana.<\/p>\n\n\n\n<p class=\"wp-block-paragraph\">In dieser Ausgabe werden Junge talente aus den TV-Talentshows \"Amici\" und \"XFactir\"<\/p>\n\n\n\n<p class=\"wp-block-paragraph\">vorgestellt.<\/p>\n\n\n\n<p class=\"wp-block-paragraph\">Die Hauptprotagonisten sind einige der Gesichter der italienischen Musik.<\/p>\n\n\n\n<p class=\"wp-block-paragraph\">Tats\u00e4chlich werden wir Ivana Spagna am 11. Juli, Rita Pavone am 6. August und Memo Remingi am 29. August 2021 auf der B\u00fchne haben.<\/p>\n\n\n\n<p class=\"wp-block-paragraph\">Die drei Shows sind gem\u00e4\u00df den Anti-Covid19-Bestimmungen frei zug\u00e4nglich, solange Pl\u00e4tze verf\u00fcgbar sind.<\/p>\n\n\n\n<p class=\"wp-block-paragraph\">An den drei Abenden kann jeder, der m\u00f6chte, Angebote f\u00fcr die Freiwilligenberatung Pietrasanta und die Anffas Onlus . spenden<\/p>\n","protected":false},"excerpt":{"rendered":"<p>Musik und Worte ist eine Show wo Die Musik mit Talkshows verbindet Die Show ist in drei Abende unterteilt :11.Juli &hellip; <a href=\"https:\/\/www.miamibeb.com\/de\/musik-und-worte\/\" class=\"more-link\">Continue reading <span class=\"screen-reader-text\">Musik und Worte<\/span><\/a><\/p>\n","protected":false},"author":1,"featured_media":3810,"comment_status":"open","ping_status":"open","sticky":false,"template":"","format":"standard","meta":{"footnotes":""},"categories":[492],"tags":[713,714],"class_list":["post-3882","post","type-post","status-publish","format-standard","has-post-thumbnail","hentry","category-veranstaltungen-marina-di-pietrasanta","tag-musik-und-worte-veranstaltung","tag-versiliana-veranstaltugen"],"_links":{"self":[{"href":"https:\/\/www.miamibeb.com\/de\/wp-json\/wp\/v2\/posts\/3882","targetHints":{"allow":["GET"]}}],"collection":[{"href":"https:\/\/www.miamibeb.com\/de\/wp-json\/wp\/v2\/posts"}],"about":[{"href":"https:\/\/www.miamibeb.com\/de\/wp-json\/wp\/v2\/types\/post"}],"author":[{"embeddable":true,"href":"https:\/\/www.miamibeb.com\/de\/wp-json\/wp\/v2\/users\/1"}],"replies":[{"embeddable":true,"href":"https:\/\/www.miamibeb.com\/de\/wp-json\/wp\/v2\/comments?post=3882"}],"version-history":[{"count":1,"href":"https:\/\/www.miamibeb.com\/de\/wp-json\/wp\/v2\/posts\/3882\/revisions"}],"predecessor-version":[{"id":3883,"href":"https:\/\/www.miamibeb.com\/de\/wp-json\/wp\/v2\/posts\/3882\/revisions\/3883"}],"wp:featuredmedia":[{"embeddable":true,"href":"https:\/\/www.miamibeb.com\/de\/wp-json\/wp\/v2\/media\/3810"}],"wp:attachment":[{"href":"https:\/\/www.miamibeb.com\/de\/wp-json\/wp\/v2\/media?parent=3882"}],"wp:term":[{"taxonomy":"category","embeddable":true,"href":"https:\/\/www.miamibeb.com\/de\/wp-json\/wp\/v2\/categories?post=3882"},{"taxonomy":"post_tag","embeddable":true,"href":"https:\/\/www.miamibeb.com\/de\/wp-json\/wp\/v2\/tags?post=3882"}],"curies":[{"name":"wp","href":"https:\/\/api.w.org\/{rel}","templated":true}]}}